{"id":3269,"date":"2021-02-09T00:57:14","date_gmt":"2021-02-09T02:57:14","guid":{"rendered":"http:\/\/bvc-volei.org\/site\/?p=3269"},"modified":"2021-02-09T01:04:39","modified_gmt":"2021-02-09T03:04:39","slug":"sao-paulo-embala-na-superliga-e-passa-por-cima-do-fluminense","status":"publish","type":"post","link":"http:\/\/bvc-volei.org\/site\/sao-paulo-embala-na-superliga-e-passa-por-cima-do-fluminense\/","title":{"rendered":"S\u00e3o Paulo embala na Superliga e passa por cima do Fluminense"},"content":{"rendered":"<p><strong>Com exibi\u00e7\u00e3o monstruosa do bloqueio, Tricolor paulista sufoca pretens\u00f5es do advers\u00e1rio<\/strong><\/p>\n<p style=\"text-align: justify; background: white;\"><strong><span style=\"font-size: 10.5pt; font-family: 'Arial',sans-serif; color: #555555; font-weight: normal;\">Embalado pela grande exibi\u00e7\u00e3o na partida anterior, na vit\u00f3ria por 3 a 0 sobre o SESC-RJ\/Flamengo, o S\u00e3o Paulo F.C\/Barueri repetiu a dose nesta segunda-feira (8) contra o Fluminense, com parciais de 25-13, 25-22 e 25-11, no gin\u00e1sio Jos\u00e9 Correa, em Barueri. O time comandado pelo tricampe\u00e3o ol\u00edmpico Jos\u00e9 Roberto Guimar\u00e3es soma 10 vit\u00f3rias e seis derrotas, ocupando a sexta coloca\u00e7\u00e3o.<\/span><\/strong><\/p>\n<p style=\"text-align: justify; background: white;\"><strong><span style=\"font-size: 10.5pt; font-family: 'Arial',sans-serif; color: #555555; font-weight: normal;\">Com a habitual tenacidade na defesa e muita efici\u00eancia no bloqueio, respons\u00e1vel por cinco pontos no primeiro set, o Tricolor paulista dominou a primeira parcial com total autoridade. O Fluminense contribuiu, com sete erros, para tornar ainda mais f\u00e1cil a tarefa das donas da casa.<\/span><\/strong><\/p>\n<p style=\"text-align: justify; background: white;\"><strong><span style=\"font-size: 10.5pt; font-family: 'Arial',sans-serif; color: #555555; font-weight: normal;\">No segundo set, talvez devido \u00e0 facilidade encontrada no in\u00edcio do jogo, Barueri relaxou um pouco e viu o Fluminense crescer de produ\u00e7\u00e3o, liderado pela veterana F\u00ea Tom\u00e9, que melhorou muito nessa parcial. Sem a mesma efici\u00eancia na defesa, o S\u00e3o Paulo teve que encarar uma partida bem mais equilibrada \u2013 s\u00f3 conseguiu assumir a dianteira no placar no meio do set, por 10 a 9.<\/span><\/strong><\/p>\n<p style=\"text-align: justify; background: white;\"><strong><span style=\"font-size: 10.5pt; font-family: 'Arial',sans-serif; color: #555555; font-weight: normal;\">O time carioca, no entanto, jamais conseguiu fazer desandar a recep\u00e7\u00e3o de Barueri. Com passe na m\u00e3o, a levantadora Jacke exibindo a costumeira regularidade e as ponteiras Karina e Maira novamente inspiradas, o S\u00e3o Paulo foi tomando conta do jogo e conseguiu abrir 2 sets a 0, fechando a segunda parcial por 25 a 22.<\/span><\/strong><\/p>\n<p style=\"text-align: justify; background: white;\"><strong><span style=\"font-size: 10.5pt; font-family: 'Arial',sans-serif; color: #555555; font-weight: normal;\">No terceiro set, o S\u00e3o Paulo se preocupou em manter um grande volume de jogo, com destaque para o bloqueio. Nessa parcial, liderado pelos pared\u00f5es Diana e Lorena, esse fundamento contribuiu com sete pontos \u2013 em todo o jogo, essa soma foi de 15. No final da partida, Z\u00e9 Roberto deu oportunidade para algumas reservas \u2013 e foi uma delas, Kisy, a respons\u00e1vel por fazer o \u00faltimo ponto do jogo.<\/span><\/strong><\/p>\n<p style=\"text-align: justify; background: white;\"><strong><span style=\"font-size: 10.5pt; font-family: 'Arial',sans-serif; color: #555555; font-weight: normal;\">Autora de 13 pontos &#8211; assim como Karina \u2013 Maira recebeu o Trof\u00e9u Viva V\u00f4lei. Na pr\u00f3xima sexta-feira (12), contra o Dentil\/Praia Clube, advers\u00e1rio bem mais poderoso, o S\u00e3o Paulo ter\u00e1 a oportunidade de testar o seu grau de evolu\u00e7\u00e3o.<\/span><\/strong><\/p>\n<p style=\"text-align: justify; background: white;\"><strong><span style=\"font-size: 10.5pt; font-family: 'Trebuchet MS',sans-serif; color: #555555;\">ELENCO<\/span><\/strong><\/p>\n<p style=\"text-align: justify; background: white;\"><span style=\"font-size: 10.5pt; font-family: 'Trebuchet MS',sans-serif; color: #555555;\">#1 Dani Terra &#8211; L\u00edbero 1,68<br \/>\n#2 Diana &#8211; Meio 1,91<br \/>\n#4 Maira &#8211; Ponta 1,85<br \/>\n#5\u00a0Glayce\u00a0Kelly \u2013 Ponta 1,85<br \/>\n#6\u00a0Nyeme\u00a0&#8211; L\u00edbero 1,75<br \/>\n#7\u00a0Lorrayna\u00a0\u2013 Oposta 1,86<br \/>\n#8\u00a0Jheovana\u00a0&#8211; Ponteira\/Oposta 1,91<br \/>\n#9 Kisy &#8211; Oposta 1,89<br \/>\n#10 Lorena \u2013 Meio 1,90<br \/>\n#11 Karina \u2013 Ponta 1,79<br \/>\n#12 Larissa &#8211; Meio 1,88<br \/>\n#13 Jacke &#8211; Levantadora 1,74<br \/>\n#14\u00a0Kenya\u00a0\u2013 Levantadora 1,85<br \/>\n#15 Duda \u2013 Levantadora 1,85<br \/>\n#16 Carol &#8211; Ponta 1,92<br \/>\n#18 Dani\u00a0Seibt\u00a0&#8211; Meio 1,88<\/span><\/p>\n<p style=\"text-align: justify; background: white;\"><span style=\"font-size: 10.5pt; font-family: 'Trebuchet MS',sans-serif; color: #555555;\">M\u00e9dia de altura: 1,85<\/span><\/p>\n<p style=\"text-align: justify; background: white;\"><span style=\"font-size: 10.5pt; font-family: 'Trebuchet MS',sans-serif; color: #555555;\">M\u00e9dia de idade: 21 anos<\/span><\/p>\n<p style=\"text-align: justify; background: white;\"><span style=\"font-size: 10.5pt; font-family: 'Trebuchet MS',sans-serif; color: #555555;\">Comiss\u00e3o T\u00e9cnica:<\/span><\/p>\n<p style=\"text-align: justify; background: white;\"><span style=\"font-size: 10.5pt; font-family: 'Trebuchet MS',sans-serif; color: #555555;\">T\u00e9cnico \u2013 Jos\u00e9 Roberto Lages Guimar\u00e3es<br \/>\nAssistente T\u00e9cnico \u2013 Wagner Luiz\u00a0Coppini Fernandes<br \/>\nAuxiliar T\u00e9cnico \u2013 Alexandre Santos Gomes<br \/>\nPreparador F\u00edsico \u2013\u00a0Caique Bonafe\u00a0Botelho Naipe e Eduardo Fernando\u00a0Cianci\u00a0Gomes<br \/>\nM\u00e9dico:\u00a0Julio\u00a0Cesar Carvalho\u00a0Nardelli<br \/>\nRespons\u00e1vel Fisioterapeuta \u2013 Fernando Alves Fernandes<br \/>\nFisioterapeuta \u2013 Daniel Hideki\u00a0Kan<br \/>\nEstat\u00edstico \u2013 Fabio Rafael Simpl\u00edcio e Luciano Tavares Lima\u00a0<\/span><\/p>\n<p style=\"text-align: justify; background: white;\"><strong><span style=\"font-size: 10.5pt; font-family: 'Trebuchet MS',sans-serif; color: #555555;\">SUPERLIGA BANCO DO BRASIL 2020\/21<\/span><\/strong><\/p>\n<p style=\"text-align: justify; background: white;\"><span style=\"font-size: 10.5pt; font-family: 'Trebuchet MS',sans-serif; color: #555555;\">FASE CLASSIFICAT\u00d3RIA<\/span><\/p>\n<p style=\"text-align: justify; background: white;\"><span style=\"font-size: 10.5pt; font-family: 'Trebuchet MS',sans-serif; color: #555555;\">10\/11 \u2013 Fluminense 0 x 3\u00a0S\u00e3o Paulo F.C.\/Barueri\u00a0(13-25, 19-25 e 23-25)<\/span><\/p>\n<p style=\"text-align: justify; background: white;\"><span style=\"font-size: 10.5pt; font-family: 'Trebuchet MS',sans-serif; color: #555555;\">13\/11 \u2013 S\u00e3o Jos\u00e9 dos Pinhais 1 x\u00a03\u00a0S\u00e3o Paulo F.C.\/Barueri\u00a0(14-25, 25-27, 21-25 e 16-25)<\/span><\/p>\n<p style=\"text-align: justify; background: white;\"><span style=\"font-size: 10.5pt; font-family: 'Trebuchet MS',sans-serif; color: #555555;\">17\/11\u00a0\u2013\u00a0S\u00e3o Paulo F.C.\/Barueri 0\u00a0x3 Osasco S\u00e3o Crist\u00f3v\u00e3o Sa\u00fade\u00a0(22-25, 20-25 e 21-25)<\/span><\/p>\n<p style=\"text-align: justify; background: white;\"><span style=\"font-size: 10.5pt; font-family: 'Trebuchet MS',sans-serif; color: #555555;\">20\/11 \u2013S\u00e3o Paulo F.C.\/Barueri 2 x\u00a03\u00a0Sesi V\u00f4lei Bauru (23-25, 20-25, 25-19, 20-25 e 11-15)<\/span><\/p>\n<p style=\"text-align: justify; background: white;\"><span style=\"font-size: 10.5pt; font-family: 'Trebuchet MS',sans-serif; color: #555555;\">23\/11 \u2013S\u00e3o Paulo F.C.\/Barueri 0\u00a0x 3 Itamb\u00e9\/Minas (15-20, 20-25 e 23-25)<\/span><\/p>\n<p style=\"text-align: justify; background: white;\"><span style=\"font-size: 10.5pt; font-family: 'Trebuchet MS',sans-serif; color: #555555;\">01\/12 \u2013 S\u00e3o Paulo F.C.\/Barueri x\u00a0Dentil Praia Clube (26-24, 21-25, 25-21 e 25-22)<\/span><\/p>\n<p style=\"text-align: justify; background: white;\"><span style=\"font-size: 10.5pt; font-family: 'Trebuchet MS',sans-serif; color: #555555;\">04\/12 &#8211; Bras\u00edlia V\u00f4lei 1 x 3 S\u00e3o Paulo F.C.\/Barueri (23-25, 25-21, 25-13 e 25-18)<\/span><\/p>\n<p style=\"text-align: justify; background: white;\"><span style=\"font-size: 10.5pt; font-family: 'Trebuchet MS',sans-serif; color: #555555;\">08\/12 &#8211; SESC RJ\/Flamengo x\u00a0S\u00e3o Paulo F.C.\/Barueri\u00a0(25-14, 26-24 e 25-17)<\/span><\/p>\n<p style=\"text-align: justify; background: white;\"><span style=\"font-size: 10.5pt; font-family: 'Trebuchet MS',sans-serif; color: #555555;\">12\/12 \u2013 S\u00e3o Paulo F.C.\/Barueri 3 x 0 S\u00e3o Caetano (25-11, 25-14 e 25-12)<\/span><\/p>\n<p style=\"text-align: justify; background: white;\"><span style=\"font-size: 10.5pt; font-family: 'Trebuchet MS',sans-serif; color: #555555;\">18\/12 \u2013 Esporte Clube Pinheiros 2 x 3 S\u00e3o Paulo F.C.\/Barueri (25-21, 25-20, 17-25, 22-25 e 8-15)<\/span><\/p>\n<p style=\"text-align: justify; background: white;\"><span style=\"font-size: 10.5pt; font-family: 'Trebuchet MS',sans-serif; color: #555555;\">23\/12 \u2013 S\u00e3o Paulo F.C.\/Barueri 3 x 2 Curitiba V\u00f4lei (21-25, 26-24, 22-25, 25-22 e 15-5).<\/span><\/p>\n<p style=\"text-align: justify; background: white;\"><span style=\"font-size: 10.5pt; font-family: 'Trebuchet MS',sans-serif; color: #555555;\">12\/01 \u2013 S\u00e3o Paulo F.C.\/Barueri 3 x 0 S\u00e3o Jos\u00e9 dos Pinhais (25-19, 25-22 e 25-21)<\/span><\/p>\n<p style=\"text-align: justify; background: white;\"><span style=\"font-size: 10.5pt; font-family: 'Trebuchet MS',sans-serif; color: #555555;\">15\/01 \u2013 Osasco S\u00e3o Crist\u00f3v\u00e3o Sa\u00fade 1 x 3 S\u00e3o Paulo F.C.\/Barueri (21-25, 25-21, 25-23 e 25-14)<\/span><\/p>\n<p style=\"text-align: justify; background: white;\"><span style=\"font-size: 10.5pt; font-family: 'Trebuchet MS',sans-serif; color: #555555;\">26\/01 \u2013Itamb\u00e9\/Minas\u00a0 3 x 0 S\u00e3o Paulo F.C.\/Barueri (25-20, 25-17, 25-20)<\/span><\/p>\n<p style=\"text-align: justify; background: white;\"><span style=\"font-size: 10.5pt; font-family: 'Trebuchet MS',sans-serif; color: #555555;\">29\/01 \u2013S\u00e3o Paulo F.C.\/Barueri 3 x 0 SESC RJ\/Flamengo (25-13, 25-21 e 25-16)<\/span><\/p>\n<p style=\"text-align: justify; background: white;\"><span style=\"font-size: 10.5pt; font-family: 'Trebuchet MS',sans-serif; color: #555555;\">08\/02 \u2013S\u00e3o Paulo F.C.\/Barueri\u00a0 3 x 0 Fluminense (<strong><span style=\"font-size: 10.5pt; font-family: 'Arial',sans-serif; color: #555555; font-weight: normal;\">25-13, 25-22 e 25-11)<\/span><\/strong><\/span><\/p>\n<p style=\"text-align: justify; background: white;\"><span style=\"font-size: 10.5pt; font-family: 'Trebuchet MS',sans-serif; color: #555555;\">12\/02 \u2013 16h30 \u2013 Dentil\/Praia Clube x S\u00e3o Paulo F.C.\/Barueri (SporTV2)<\/span><\/p>\n<p style=\"text-align: justify; background: white;\"><span style=\"font-size: 10.5pt; font-family: 'Trebuchet MS',sans-serif; color: #555555;\">16\/02 \u2013 19h \u2013 Sesi V\u00f4lei Bauru x S\u00e3o Paulo F.C.\/Barueri (SporTV2)<\/span><\/p>\n","protected":false},"excerpt":{"rendered":"<p>Com exibi\u00e7\u00e3o monstruosa do bloqueio, Tricolor paulista sufoca pretens\u00f5es do advers\u00e1rio Embalado pela grande exibi\u00e7\u00e3o na partida anterior, na vit\u00f3ria por 3 a 0 sobre o SESC-RJ\/Flamengo, o S\u00e3o Paulo F.C\/Barueri repetiu a dose nesta segunda-feira (8) contra o Fluminense, com parciais de 25-13, 25-22 e 25-11, no gin\u00e1sio Jos\u00e9 Correa, em Barueri. O time&#8230;<\/p>\n","protected":false},"author":1,"featured_media":3272,"comment_status":"open","ping_status":"open","sticky":false,"template":"","format":"standard","meta":{"footnotes":""},"categories":[1],"tags":[],"class_list":["post-3269","post","type-post","status-publish","format-standard","has-post-thumbnail","hentry","category-noticias"],"_links":{"self":[{"href":"http:\/\/bvc-volei.org\/site\/wp-json\/wp\/v2\/posts\/3269","targetHints":{"allow":["GET"]}}],"collection":[{"href":"http:\/\/bvc-volei.org\/site\/wp-json\/wp\/v2\/posts"}],"about":[{"href":"http:\/\/bvc-volei.org\/site\/wp-json\/wp\/v2\/types\/post"}],"author":[{"embeddable":true,"href":"http:\/\/bvc-volei.org\/site\/wp-json\/wp\/v2\/users\/1"}],"replies":[{"embeddable":true,"href":"http:\/\/bvc-volei.org\/site\/wp-json\/wp\/v2\/comments?post=3269"}],"version-history":[{"count":1,"href":"http:\/\/bvc-volei.org\/site\/wp-json\/wp\/v2\/posts\/3269\/revisions"}],"predecessor-version":[{"id":3271,"href":"http:\/\/bvc-volei.org\/site\/wp-json\/wp\/v2\/posts\/3269\/revisions\/3271"}],"wp:featuredmedia":[{"embeddable":true,"href":"http:\/\/bvc-volei.org\/site\/wp-json\/wp\/v2\/media\/3272"}],"wp:attachment":[{"href":"http:\/\/bvc-volei.org\/site\/wp-json\/wp\/v2\/media?parent=3269"}],"wp:term":[{"taxonomy":"category","embeddable":true,"href":"http:\/\/bvc-volei.org\/site\/wp-json\/wp\/v2\/categories?post=3269"},{"taxonomy":"post_tag","embeddable":true,"href":"http:\/\/bvc-volei.org\/site\/wp-json\/wp\/v2\/tags?post=3269"}],"curies":[{"name":"wp","href":"https:\/\/api.w.org\/{rel}","templated":true}]}}