{"id":3252,"date":"2021-01-25T17:51:18","date_gmt":"2021-01-25T19:51:18","guid":{"rendered":"http:\/\/bvc-volei.org\/site\/?p=3252"},"modified":"2021-01-25T17:51:18","modified_gmt":"2021-01-25T19:51:18","slug":"depois-de-bater-o-segundo-colocado-da-superliga-tricolor-encara-o-lider-em-bh","status":"publish","type":"post","link":"http:\/\/bvc-volei.org\/site\/depois-de-bater-o-segundo-colocado-da-superliga-tricolor-encara-o-lider-em-bh\/","title":{"rendered":"Depois de bater o segundo colocado da Superliga, Tricolor encara o l\u00edder em BH"},"content":{"rendered":"<p><strong>Confiante ap\u00f3s vit\u00f3ria sobre Osasco, S\u00e3o Paulo tem desafio ainda maior<\/strong><\/p>\n<p>A tabela da Superliga reservou duas senhoras pedreiras consecutivas para o S\u00e3o Paulo F.C.\/Barueri. Nesta ter\u00e7a-feira (26), o Tricolor encara o l\u00edder Itamb\u00e9\/Minas, que soma 12 vit\u00f3rias e uma derrota. A partida come\u00e7a \u00e0s 19h, na Arena Minas, e ter\u00e1 transmiss\u00e3o ao vivo pelo SporTV 2. O que anima o grupo comandado pelo t\u00e9cnico Jos\u00e9 Roberto Guimar\u00e3es \u00e9 o fato de que a primeira pedreira foi demolida. Na rodada anterior, o Osasco S\u00e3o Crist\u00f3v\u00e3o Sa\u00fade, vice-l\u00edder tamb\u00e9m com 12 vit\u00f3rias e uma derrota, foi superado pelo S\u00e3o Paulo por 3 a 1.<\/p>\n<p>\u201cA vit\u00f3ria contra Osasco, assim como outros bons jogos que fizemos, nos mostrou mais uma vez a nossa evolu\u00e7\u00e3o e a capacidade do nosso grupo. Conseguimos entender e executar o jogo com convic\u00e7\u00e3o naquela vit\u00f3ria, mas passou. \u00c9 importante lembrar o que fizemos de bom para conseguirmos repetir nos pr\u00f3ximos. Foi uma partida muito importante para n\u00f3s, por\u00e9m viramos a p\u00e1gina e estamos trabalhando para continuar crescendo e melhorando\u201d, diz a levantadora Jacke.<\/p>\n<p>As possibilidades de sucesso no jogo de hoje passam obrigatoriamente pela redu\u00e7\u00e3o do n\u00famero de erros e pela execu\u00e7\u00e3o correta da estrat\u00e9gia de saque. \u00c9 \u201cjogar pensando\u201d, como repete incansavelmente o treinador Z\u00e9 Roberto. Jacke espera que o time possa se manter concentrado ao longo da partida. \u201cCada jogo \u00e9 muito diferente um do outro, mas creio que, se tivermos a mesma concentra\u00e7\u00e3o, a mesma aplica\u00e7\u00e3o t\u00e1tica, a mesma energia, podemos brigar. Como sempre tenho dito, nosso primeiro objetivo \u00e9 conseguir colocar em pr\u00e1tica o que temos treinado e fazer um bom jogo\u201d.<\/p>\n<p>Repetir aquele padr\u00e3o apresentado contra Osasco, no entanto, \u00e9 um desafio consider\u00e1vel. \u201cNossa maior busca tem sido pela regularidade. Creio que ainda teremos muitos altos e baixos, e a origem dessa altern\u00e2ncia pode estar, em grande parte, na parte psicol\u00f3gica. Mas estamos tentando aprender a cada partida, enfrentando esses per\u00edodos de irregularidade, na busca pelo equil\u00edbrio\u201d, analisa Jacke.<\/p>\n<p>ELENCO<\/p>\n<p>#1 Dani Terra &#8211; L\u00edbero 1,68<br \/>\n#2 Diana &#8211; Meio 1,91<br \/>\n#4 Maira &#8211; Ponta 1,85<br \/>\n#5\u00a0Glayce\u00a0Kelly \u2013 Ponta 1,85<br \/>\n#6\u00a0Nyeme\u00a0&#8211; L\u00edbero 1,75<br \/>\n#7\u00a0Lorrayna\u00a0\u2013 Oposta 1,86<br \/>\n#8\u00a0Jheovana\u00a0&#8211; Ponteira\/Oposta 1,91<br \/>\n#9 Kisy &#8211; Oposta 1,89<br \/>\n#10 Lorena \u2013 Meio 1,90<br \/>\n#11 Karina \u2013 Ponta 1,79<br \/>\n#12 Larissa &#8211; Meio 1,88<br \/>\n#13 Jacke &#8211; Levantadora 1,74<br \/>\n#14\u00a0Kenya\u00a0\u2013 Levantadora 1,85<br \/>\n#15 Duda \u2013 Levantadora 1,85<br \/>\n#16 Carol &#8211; Ponta 1,92<br \/>\n#18 Dani\u00a0Seibt\u00a0&#8211; Meio 1,88<\/p>\n<p>M\u00e9dia de altura: 1,85<\/p>\n<p>M\u00e9dia de idade: 21 anos<\/p>\n<p>Comiss\u00e3o T\u00e9cnica:<\/p>\n<p>T\u00e9cnico \u2013 Jos\u00e9 Roberto Lages Guimar\u00e3es<br \/>\nAssistente T\u00e9cnico \u2013 Wagner Luiz\u00a0Coppini Fernandes<br \/>\nAuxiliar T\u00e9cnico \u2013 Alexandre Santos Gomes<br \/>\nPreparador F\u00edsico \u2013\u00a0Caique Bonafe\u00a0Botelho Naipe e Eduardo Fernando\u00a0Cianci\u00a0Gomes<br \/>\nM\u00e9dico:\u00a0Julio\u00a0Cesar Carvalho\u00a0Nardelli<br \/>\nRespons\u00e1vel Fisioterapeuta \u2013 Fernando Alves Fernandes<br \/>\nFisioterapeuta \u2013 Daniel Hideki\u00a0Kan<br \/>\nEstat\u00edstico \u2013 Luciano Tavares Lima e Fabio Rafael Simpl\u00edcio<\/p>\n<p>SUPERLIGA BANCO DO BRASIL 2020\/21<\/p>\n<p>FASE CLASSIFICAT\u00d3RIA<\/p>\n<p>10\/11 \u2013 Fluminense 0 x 3\u00a0S\u00e3o Paulo F.C.\/Barueri\u00a0(13-25, 19-25 e 23-25)<\/p>\n<p>13\/11 \u2013 S\u00e3o Jos\u00e9 dos Pinhais 1 x\u00a03\u00a0S\u00e3o Paulo F.C.\/Barueri\u00a0(14-25, 25-27, 21-25 e 16-25)<\/p>\n<p>17\/11\u00a0\u2013\u00a0S\u00e3o Paulo F.C.\/Barueri 0\u00a0x3 Osasco S\u00e3o Crist\u00f3v\u00e3o Sa\u00fade\u00a0(22-25, 20-25 e 21-25)<\/p>\n<p>20\/11 \u2013S\u00e3o Paulo F.C.\/Barueri 2 x\u00a03\u00a0Sesi V\u00f4lei Bauru (23-25, 20-25, 25-19, 20-25 e 11-15)<\/p>\n<p>23\/11 \u2013S\u00e3o Paulo F.C.\/Barueri 0\u00a0x 3 Itamb\u00e9\/Minas (15-20, 20-25 e 23-25)<\/p>\n<p>01\/12 \u2013 S\u00e3o Paulo F.C.\/Barueri x\u00a0Dentil Praia Clube (26-24, 21-25, 25-21 e 25-22)<\/p>\n<p>04\/12 &#8211; Bras\u00edlia V\u00f4lei 1 x 3 S\u00e3o Paulo F.C.\/Barueri (23-25, 25-21, 25-13 e 25-18)<\/p>\n<p>08\/12 &#8211; SESC RJ\/Flamengo x\u00a0S\u00e3o Paulo F.C.\/Barueri\u00a0(25-14, 26-24 e 25-17)<\/p>\n<p>12\/12 \u2013 S\u00e3o Paulo F.C.\/Barueri 3 x 0 S\u00e3o Caetano (25-11, 25-14 e 25-12)<\/p>\n<p>18\/12 \u2013 Esporte Clube Pinheiros 2 x 3 S\u00e3o Paulo F.C.\/Barueri (25-21, 25-20, 17-25, 22-25 e 8-15)<\/p>\n<p>23\/12 \u2013 S\u00e3o Paulo F.C.\/Barueri 3 x 2 Curitiba V\u00f4lei (21-25, 26-24, 22-25, 25-22 e 15-5).<\/p>\n<p>12\/01 \u2013 S\u00e3o Paulo F.C.\/Barueri 3 x 0 S\u00e3o Jos\u00e9 dos Pinhais (2519, 25-22 e 25-21)<\/p>\n<p>15\/01 \u2013 Osasco S\u00e3o Crist\u00f3v\u00e3o Sa\u00fade 1 x 3 S\u00e3o Paulo F.C.\/Barueri (21-25, 25-21, 25-23 e 25-14)<\/p>\n<p>26\/01 \u2013 19h \u2013 Itamb\u00e9\/Minas x S\u00e3o Paulo F.C.\/Barueri (SporTV)<\/p>\n<p>29\/01 \u2013 19h \u2013 S\u00e3o Paulo F.C.\/Barueri x SESC RJ\/Flamengo<\/p>\n<p>&nbsp;<\/p>\n","protected":false},"excerpt":{"rendered":"<p>Confiante ap\u00f3s vit\u00f3ria sobre Osasco, S\u00e3o Paulo tem desafio ainda maior A tabela da Superliga reservou duas senhoras pedreiras consecutivas para o S\u00e3o Paulo F.C.\/Barueri. Nesta ter\u00e7a-feira (26), o Tricolor encara o l\u00edder Itamb\u00e9\/Minas, que soma 12 vit\u00f3rias e uma derrota. A partida come\u00e7a \u00e0s 19h, na Arena Minas, e ter\u00e1 transmiss\u00e3o ao vivo pelo&#8230;<\/p>\n","protected":false},"author":1,"featured_media":3253,"comment_status":"open","ping_status":"open","sticky":false,"template":"","format":"standard","meta":{"footnotes":""},"categories":[1],"tags":[],"class_list":["post-3252","post","type-post","status-publish","format-standard","has-post-thumbnail","hentry","category-noticias"],"_links":{"self":[{"href":"http:\/\/bvc-volei.org\/site\/wp-json\/wp\/v2\/posts\/3252","targetHints":{"allow":["GET"]}}],"collection":[{"href":"http:\/\/bvc-volei.org\/site\/wp-json\/wp\/v2\/posts"}],"about":[{"href":"http:\/\/bvc-volei.org\/site\/wp-json\/wp\/v2\/types\/post"}],"author":[{"embeddable":true,"href":"http:\/\/bvc-volei.org\/site\/wp-json\/wp\/v2\/users\/1"}],"replies":[{"embeddable":true,"href":"http:\/\/bvc-volei.org\/site\/wp-json\/wp\/v2\/comments?post=3252"}],"version-history":[{"count":1,"href":"http:\/\/bvc-volei.org\/site\/wp-json\/wp\/v2\/posts\/3252\/revisions"}],"predecessor-version":[{"id":3254,"href":"http:\/\/bvc-volei.org\/site\/wp-json\/wp\/v2\/posts\/3252\/revisions\/3254"}],"wp:featuredmedia":[{"embeddable":true,"href":"http:\/\/bvc-volei.org\/site\/wp-json\/wp\/v2\/media\/3253"}],"wp:attachment":[{"href":"http:\/\/bvc-volei.org\/site\/wp-json\/wp\/v2\/media?parent=3252"}],"wp:term":[{"taxonomy":"category","embeddable":true,"href":"http:\/\/bvc-volei.org\/site\/wp-json\/wp\/v2\/categories?post=3252"},{"taxonomy":"post_tag","embeddable":true,"href":"http:\/\/bvc-volei.org\/site\/wp-json\/wp\/v2\/tags?post=3252"}],"curies":[{"name":"wp","href":"https:\/\/api.w.org\/{rel}","templated":true}]}}