{"id":3245,"date":"2021-01-18T20:55:49","date_gmt":"2021-01-18T22:55:49","guid":{"rendered":"http:\/\/bvc-volei.org\/site\/?p=3245"},"modified":"2021-01-18T20:55:49","modified_gmt":"2021-01-18T22:55:49","slug":"embalado-apos-vitoria-sobre-osasco-sao-paulo-estreia-na-copa-brasil","status":"publish","type":"post","link":"http:\/\/bvc-volei.org\/site\/embalado-apos-vitoria-sobre-osasco-sao-paulo-estreia-na-copa-brasil\/","title":{"rendered":"Embalado ap\u00f3s vit\u00f3ria sobre Osasco, S\u00e3o Paulo estreia na Copa Brasil"},"content":{"rendered":"<p>Sexto colocado na Superliga, time de Barueri encara o forte Praia Clube<\/p>\n<p>Ainda levitando na inebriante sensa\u00e7\u00e3o da vit\u00f3ria, o S\u00e3o Paulo F.C\/Barueri vira a chavinha da Superliga e se concentra na Copa Brasil de V\u00f4lei 2021, que come\u00e7a nesta ter\u00e7a-feira. Ao Tricolor, sexto colocado na classifica\u00e7\u00e3o da principal competi\u00e7\u00e3o nacional, cabe como advers\u00e1rio o poderoso Dentil Praia Clube, que ocupa o terceiro lugar. A partida come\u00e7a \u00e0s 19h30, na Arena Praia, em Uberl\u00e2ndia (MG), e ter\u00e1 transmiss\u00e3o ao vivo pelo Canal V\u00f4lei Brasil.<\/p>\n<p>Na \u00faltima sexta-feira, o time comandado pelo t\u00e9cnico Z\u00e9 Roberto derrotou, na casa do advers\u00e1rio, o forte Osasco S\u00e3o Crist\u00f3v\u00e3o Sa\u00fade, que dividia a lideran\u00e7a com o Itamb\u00e9 Minas.<\/p>\n<p>Bastante satisfeita com a evolu\u00e7\u00e3o da equipe, a l\u00edbero Nyeme aposta que Barueri seja capaz de novamente atuar em excelente n\u00edvel, seja qual for o advers\u00e1rio. \u201cA gente sempre entra em quadra preparada para todas as dificuldades\u201d, diz a l\u00edbero, que figura nas estat\u00edsticas da Superliga como a segunda melhor na recep\u00e7\u00e3o.<\/p>\n<p>J\u00e1 a capit\u00e3 Maira acredita que a sequ\u00eancia de jogos do S\u00e3o Paulo, a esta altura, ser\u00e1 muito importante para o crescimento da equipe. \u201cCada jogo, cada set bem jogado faz o time crescer e ganhar mais confian\u00e7a para as pr\u00f3ximas partidas\u201d.<\/p>\n<p>ELENCO<\/p>\n<p>#1 Dani Terra &#8211; L\u00edbero 1,68<br \/>\n#2 Diana &#8211; Meio 1,91<br \/>\n#4 Maira &#8211; Ponta 1,85<br \/>\n#5\u00a0Glayce\u00a0Kelly \u2013 Ponta 1,85<br \/>\n#6\u00a0Nyeme\u00a0&#8211; L\u00edbero 1,75<br \/>\n#7\u00a0Lorrayna\u00a0\u2013 Oposta 1,86<br \/>\n#8\u00a0Jheovana\u00a0&#8211; Ponteira\/Oposta 1,91<br \/>\n#9 Kisy &#8211; Oposta 1,89<br \/>\n#10 Lorena \u2013 Meio 1,90<br \/>\n#11 Karina \u2013 Ponta 1,79<br \/>\n#12 Larissa &#8211; Meio 1,88<br \/>\n#13 Jacke &#8211; Levantadora 1,74<br \/>\n#14\u00a0Kenya\u00a0\u2013 Levantadora 1,85<br \/>\n#15 Duda \u2013 Levantadora 1,85<br \/>\n#16 Carol &#8211; Ponta 1,92<br \/>\n#18 Dani\u00a0Seibt\u00a0&#8211; Meio 1,88<\/p>\n<p>M\u00e9dia de altura: 1,85<\/p>\n<p>M\u00e9dia de idade: 21 anos<\/p>\n<p>Comiss\u00e3o T\u00e9cnica:<\/p>\n<p>T\u00e9cnico \u2013 Jos\u00e9 Roberto Lages Guimar\u00e3es<br \/>\nAssistente T\u00e9cnico \u2013 Wagner Luiz\u00a0Coppini Fernandes<br \/>\nAuxiliar T\u00e9cnico \u2013 Alexandre Santos Gomes<br \/>\nPreparador F\u00edsico \u2013\u00a0Caique Bonafe\u00a0Botelho Naipe e Eduardo Fernando\u00a0Cianci\u00a0Gomes<br \/>\nM\u00e9dico:\u00a0Julio\u00a0Cesar Carvalho\u00a0Nardelli<br \/>\nRespons\u00e1vel Fisioterapeuta \u2013 Fernando Alves Fernandes<br \/>\nFisioterapeuta \u2013 Daniel Hideki\u00a0Kan<br \/>\nEstat\u00edstico \u2013 Luciano Tavares Lima e Fabio Rafael Simpl\u00edcio<\/p>\n<p>&nbsp;<\/p>\n<p>&nbsp;<\/p>\n","protected":false},"excerpt":{"rendered":"<p>Sexto colocado na Superliga, time de Barueri encara o forte Praia Clube Ainda levitando na inebriante sensa\u00e7\u00e3o da vit\u00f3ria, o S\u00e3o Paulo F.C\/Barueri vira a chavinha da Superliga e se concentra na Copa Brasil de V\u00f4lei 2021, que come\u00e7a nesta ter\u00e7a-feira. Ao Tricolor, sexto colocado na classifica\u00e7\u00e3o da principal competi\u00e7\u00e3o nacional, cabe como advers\u00e1rio o&#8230;<\/p>\n","protected":false},"author":1,"featured_media":3246,"comment_status":"open","ping_status":"open","sticky":false,"template":"","format":"standard","meta":{"footnotes":""},"categories":[1],"tags":[],"class_list":["post-3245","post","type-post","status-publish","format-standard","has-post-thumbnail","hentry","category-noticias"],"_links":{"self":[{"href":"http:\/\/bvc-volei.org\/site\/wp-json\/wp\/v2\/posts\/3245","targetHints":{"allow":["GET"]}}],"collection":[{"href":"http:\/\/bvc-volei.org\/site\/wp-json\/wp\/v2\/posts"}],"about":[{"href":"http:\/\/bvc-volei.org\/site\/wp-json\/wp\/v2\/types\/post"}],"author":[{"embeddable":true,"href":"http:\/\/bvc-volei.org\/site\/wp-json\/wp\/v2\/users\/1"}],"replies":[{"embeddable":true,"href":"http:\/\/bvc-volei.org\/site\/wp-json\/wp\/v2\/comments?post=3245"}],"version-history":[{"count":1,"href":"http:\/\/bvc-volei.org\/site\/wp-json\/wp\/v2\/posts\/3245\/revisions"}],"predecessor-version":[{"id":3247,"href":"http:\/\/bvc-volei.org\/site\/wp-json\/wp\/v2\/posts\/3245\/revisions\/3247"}],"wp:featuredmedia":[{"embeddable":true,"href":"http:\/\/bvc-volei.org\/site\/wp-json\/wp\/v2\/media\/3246"}],"wp:attachment":[{"href":"http:\/\/bvc-volei.org\/site\/wp-json\/wp\/v2\/media?parent=3245"}],"wp:term":[{"taxonomy":"category","embeddable":true,"href":"http:\/\/bvc-volei.org\/site\/wp-json\/wp\/v2\/categories?post=3245"},{"taxonomy":"post_tag","embeddable":true,"href":"http:\/\/bvc-volei.org\/site\/wp-json\/wp\/v2\/tags?post=3245"}],"curies":[{"name":"wp","href":"https:\/\/api.w.org\/{rel}","templated":true}]}}