{"id":3231,"date":"2021-01-12T11:51:17","date_gmt":"2021-01-12T13:51:17","guid":{"rendered":"http:\/\/bvc-volei.org\/site\/?p=3231"},"modified":"2021-01-12T11:51:17","modified_gmt":"2021-01-12T13:51:17","slug":"confiante-apos-boa-campanha-no-primeiro-turno-tricolor-encara-sao-jose-dos-pinhais","status":"publish","type":"post","link":"http:\/\/bvc-volei.org\/site\/confiante-apos-boa-campanha-no-primeiro-turno-tricolor-encara-sao-jose-dos-pinhais\/","title":{"rendered":"Confiante ap\u00f3s boa campanha no primeiro turno, Tricolor encara S\u00e3o Jos\u00e9 dos Pinhais"},"content":{"rendered":"<p><strong>Barueri vem fortalecido mentalmente ap\u00f3s duas vit\u00f3rias seguidas no tie-break<\/strong><\/p>\n<p>Depois de uma pausa de 20 dias, o S\u00e3o Paulo F.C.\/Barueri enfrenta o S\u00e3o Jos\u00e9 dos Pinhais\/AIEL, no gin\u00e1sio Jos\u00e9 Correa, nesta ter\u00e7a-feira (12\/1). A partida come\u00e7a \u00e0s 19h e ter\u00e1 transmiss\u00e3o por streaming pelo Canal V\u00f4lei Brasil, da TV NSports.<\/p>\n<p>O Tricolor vem animado. Os \u00faltimos dois resultados, no final do primeiro turno, foram vit\u00f3rias por 3 a 2 (sobre Pinheiros e Curitiba), o que demonstrou que a equipe tem for\u00e7a mental e muita garra. \u201cEstamos bem confiantes porque estamos treinando muito. Esses resultados s\u00f3 mostram a for\u00e7a e uni\u00e3o do nosso grupo\u201d, diz Nyeme, jogadora que ocupa a segunda posi\u00e7\u00e3o na lista de aproveitamento na recep\u00e7\u00e3o.<\/p>\n<p>No primeiro turno, o S\u00e3o Paulo teve dificuldades para superar a equipe paranaense, batida por 3 a 1, o que deixa as jogadoras em alerta para a partida desta ter\u00e7a. \u201cAcredito que, no segundo turno, todos os times apresentar\u00e3o algo diferente em rela\u00e7\u00e3o ao que mostraram no primeiro. Todos os times evolu\u00edram. Acho que teremos uma grande partida neste in\u00edcio de segundo turno\u201d, afirma a capit\u00e3 Maira, que tamb\u00e9m est\u00e1 no top 5 da recep\u00e7\u00e3o, ocupando a quinta posi\u00e7\u00e3o.<\/p>\n<p>O time de Barueri fez um bom primeiro turno. Com seis vit\u00f3rias e cinco derrotas, ocupa a sexta coloca\u00e7\u00e3o, atr\u00e1s das cinco equipes que possuem maior investimento. \u201cFizemos um \u00f3timo primeiro turno, mas n\u00e3o devemos ficar satisfeitas nunca. Com certeza vamos atr\u00e1s de melhores resultados!\u201d, diz Nyeme.<\/p>\n<p>No returno, Maira espera ver o Tricolor ainda melhor. \u201cAcredito que no segundo turno os jogos ser\u00e3o mais disputados ainda, at\u00e9 porque as equipes j\u00e1 se conhecem. Ainda buscamos maior consist\u00eancia dentro de cada jogo. Sabemos o quanto \u00e9 importante a vit\u00f3ria contra nossos advers\u00e1rios diretos e tamb\u00e9m buscar sets, e quem sabe, a vit\u00f3ria contra os times que lideram a tabela\u201d.<\/p>\n<p>ELENCO<\/p>\n<p>#1 Dani Terra &#8211; L\u00edbero 1,68<br \/>\n#2 Diana &#8211; Meio 1,91<br \/>\n#4 Maira &#8211; Ponta 1,85<br \/>\n#5\u00a0Glayce\u00a0Kelly \u2013 Ponta 1,85<br \/>\n#6\u00a0Nyeme\u00a0&#8211; L\u00edbero 1,75<br \/>\n#7\u00a0Lorrayna\u00a0\u2013 Oposta 1,86<br \/>\n#8\u00a0Jheovana\u00a0&#8211; Ponteira\/Oposta 1,91<br \/>\n#9 Kisy &#8211; Oposta 1,89<br \/>\n#10 Lorena \u2013 Meio 1,90<br \/>\n#11 Karina \u2013 Ponta 1,79<br \/>\n#12 Larissa &#8211; Meio 1,88<br \/>\n#13 Jacke &#8211; Levantadora 1,74<br \/>\n#14\u00a0Kenya\u00a0\u2013 Levantadora 1,85<br \/>\n#15 Duda \u2013 Levantadora 1,85<br \/>\n#16 Carol &#8211; Ponta 1,92<br \/>\n#18 Dani\u00a0Seibt\u00a0&#8211; Meio 1,88<\/p>\n<p>M\u00e9dia de altura: 1,85<\/p>\n<p>M\u00e9dia de idade: 21 anos<\/p>\n<p>Comiss\u00e3o T\u00e9cnica:<\/p>\n<p>T\u00e9cnico \u2013 Jos\u00e9 Roberto Lages Guimar\u00e3es<br \/>\nAssistente T\u00e9cnico \u2013 Wagner Luiz\u00a0Coppini Fernandes<br \/>\nAuxiliar T\u00e9cnico \u2013 Alexandre Santos Gomes<br \/>\nPreparador F\u00edsico \u2013\u00a0Caique Bonafe\u00a0Botelho Naipe e Eduardo Fernando\u00a0Cianci\u00a0Gomes<br \/>\nM\u00e9dico:\u00a0Julio\u00a0Cesar Carvalho\u00a0Nardelli<br \/>\nRespons\u00e1vel Fisioterapeuta \u2013 Fernando Alves Fernandes<br \/>\nFisioterapeuta \u2013 Daniel Hideki\u00a0Kan<br \/>\nEstat\u00edstico \u2013 Luciano Tavares Lima e Fabio Rafael Simpl\u00edcio<\/p>\n<p>SUPERLIGA BANCO DO BRASIL 2020\/21<\/p>\n<p>FASE CLASSIFICAT\u00d3RIA<\/p>\n<p>10\/11 \u2013 Fluminense 0 x 3\u00a0S\u00e3o Paulo F.C.\/Barueri\u00a0(13-25, 19-25 e 23-25)<\/p>\n<p>13\/11 \u2013 S\u00e3o Jos\u00e9 dos Pinhais 1 x\u00a03\u00a0S\u00e3o Paulo F.C.\/Barueri\u00a0(14-25, 25-27, 21-25 e 16-25)<\/p>\n<p>17\/11\u00a0\u2013\u00a0S\u00e3o Paulo F.C.\/Barueri 0\u00a0x3 Osasco S\u00e3o Crist\u00f3v\u00e3o Sa\u00fade\u00a0(22-25, 20-25 e 21-25)<\/p>\n<p>20\/11 \u2013S\u00e3o Paulo F.C.\/Barueri 2 x\u00a03\u00a0Sesi V\u00f4lei Bauru (23-25, 20-25, 25-19, 20-25 e 11-15)<\/p>\n<p>23\/11 \u2013S\u00e3o Paulo F.C.\/Barueri 0\u00a0x 3 Itamb\u00e9\/Minas (15-20, 20-25 e 23-25)<\/p>\n<p>01\/12 \u2013 S\u00e3o Paulo F.C.\/Barueri x\u00a0Dentil Praia Clube (26-24, 21-25, 25-21 e 25-22)<\/p>\n<p>04\/12 &#8211; Bras\u00edlia V\u00f4lei 1 x 3 S\u00e3o Paulo F.C.\/Barueri (23-25, 25-21, 25-13 e 25-18)<\/p>\n<p>08\/12 &#8211; SESC RJ\/Flamengo x\u00a0S\u00e3o Paulo F.C.\/Barueri\u00a0(25-14, 26-24 e 25-17)<\/p>\n<p>12\/12 \u2013 S\u00e3o Paulo F.C.\/Barueri 3 x 0 S\u00e3o Caetano (25-11, 25-14 e 25-12)<\/p>\n<p>18\/12 \u2013 Esporte Clube Pinheiros 2 x 3 S\u00e3o Paulo F.C.\/Barueri (25-21, 25-20, 17-25, 22-25 e 8-15)<\/p>\n<p>23\/12 \u2013 S\u00e3o Paulo F.C.\/Barueri x Curitiba V\u00f4lei (21-25, 26-24, 22-25, 25-22 e 15-5).<\/p>\n<p>12\/01 \u2013 19h \u2013 S\u00e3o Paulo F.C.\/Barueri x S\u00e3o Jos\u00e9 dos Pinhais (Canal V\u00f4lei Brasil \u2013 TV NSports)<\/p>\n<p>15\/01 \u2013 21h30 \u2013 Osasco S\u00e3o Crist\u00f3v\u00e3o Sa\u00fade x S\u00e3o Paulo F.C.\/Barueri (SporTV)<\/p>\n<p>&nbsp;<\/p>\n","protected":false},"excerpt":{"rendered":"<p>Barueri vem fortalecido mentalmente ap\u00f3s duas vit\u00f3rias seguidas no tie-break Depois de uma pausa de 20 dias, o S\u00e3o Paulo F.C.\/Barueri enfrenta o S\u00e3o Jos\u00e9 dos Pinhais\/AIEL, no gin\u00e1sio Jos\u00e9 Correa, nesta ter\u00e7a-feira (12\/1). A partida come\u00e7a \u00e0s 19h e ter\u00e1 transmiss\u00e3o por streaming pelo Canal V\u00f4lei Brasil, da TV NSports. O Tricolor vem animado&#8230;.<\/p>\n","protected":false},"author":1,"featured_media":3232,"comment_status":"open","ping_status":"open","sticky":false,"template":"","format":"standard","meta":{"footnotes":""},"categories":[1],"tags":[],"class_list":["post-3231","post","type-post","status-publish","format-standard","has-post-thumbnail","hentry","category-noticias"],"_links":{"self":[{"href":"http:\/\/bvc-volei.org\/site\/wp-json\/wp\/v2\/posts\/3231","targetHints":{"allow":["GET"]}}],"collection":[{"href":"http:\/\/bvc-volei.org\/site\/wp-json\/wp\/v2\/posts"}],"about":[{"href":"http:\/\/bvc-volei.org\/site\/wp-json\/wp\/v2\/types\/post"}],"author":[{"embeddable":true,"href":"http:\/\/bvc-volei.org\/site\/wp-json\/wp\/v2\/users\/1"}],"replies":[{"embeddable":true,"href":"http:\/\/bvc-volei.org\/site\/wp-json\/wp\/v2\/comments?post=3231"}],"version-history":[{"count":1,"href":"http:\/\/bvc-volei.org\/site\/wp-json\/wp\/v2\/posts\/3231\/revisions"}],"predecessor-version":[{"id":3233,"href":"http:\/\/bvc-volei.org\/site\/wp-json\/wp\/v2\/posts\/3231\/revisions\/3233"}],"wp:featuredmedia":[{"embeddable":true,"href":"http:\/\/bvc-volei.org\/site\/wp-json\/wp\/v2\/media\/3232"}],"wp:attachment":[{"href":"http:\/\/bvc-volei.org\/site\/wp-json\/wp\/v2\/media?parent=3231"}],"wp:term":[{"taxonomy":"category","embeddable":true,"href":"http:\/\/bvc-volei.org\/site\/wp-json\/wp\/v2\/categories?post=3231"},{"taxonomy":"post_tag","embeddable":true,"href":"http:\/\/bvc-volei.org\/site\/wp-json\/wp\/v2\/tags?post=3231"}],"curies":[{"name":"wp","href":"https:\/\/api.w.org\/{rel}","templated":true}]}}