{"id":3186,"date":"2020-12-22T10:11:59","date_gmt":"2020-12-22T12:11:59","guid":{"rendered":"http:\/\/bvc-volei.org\/site\/?p=3186"},"modified":"2020-12-22T13:42:33","modified_gmt":"2020-12-22T15:42:33","slug":"sao-paulo-f-c-barueri-tenta-fechar-turno-com-vitoria-sobre-o-perigoso-curitiba-volei","status":"publish","type":"post","link":"http:\/\/bvc-volei.org\/site\/sao-paulo-f-c-barueri-tenta-fechar-turno-com-vitoria-sobre-o-perigoso-curitiba-volei\/","title":{"rendered":"S\u00e3o Paulo F.C.\/Barueri tenta fechar turno com vit\u00f3ria sobre o perigoso Curitiba V\u00f4lei"},"content":{"rendered":"<p>Ainda que n\u00e3o ocupe boa posi\u00e7\u00e3o na tabela, equipe paranaense ganhou sets de advers\u00e1rios poderosos<\/p>\n<p>Confiante ap\u00f3s vit\u00f3ria de virada sobre o Pinheiros por 3 a 2, na \u00faltima rodada, o S\u00e3o Paulo F.C.\/Barueri volta \u00e0 quadra nesta quarta-feira para enfrentar o Curitiba V\u00f4lei, em casa, no gin\u00e1sio Jos\u00e9 Corr\u00eaa. A partida come\u00e7a \u00e0s 17h e ter\u00e1 transmiss\u00e3o ao vivo pelo Canal V\u00f4lei Brasil, da TV NSports.<\/p>\n<p>A ideia do Tricolor \u00e9 aproveitar a sequ\u00eancia de partidas contra equipes com menor investimento para acumular pontos e assegurar a classifica\u00e7\u00e3o para os play-offs na melhor posi\u00e7\u00e3o poss\u00edvel. Contra o Pinheiros, a equipe comandada pelo t\u00e9cnico Jos\u00e9 Roberto Guimar\u00e3es acabou deixando escapar um ponto. \u201cEstamos pegando uma sequ\u00eancia de advers\u00e1rios diretos. Precisamos jogar bem para obter bons resultados\u201d, diz a oposto Lorrayna, quinta maior pontuadora da Superliga, com 125 pontos.<\/p>\n<p><figure id=\"attachment_3007\" aria-describedby=\"caption-attachment-3007\" style=\"width: 200px\" class=\"wp-caption alignnone\"><img fetchpriority=\"high\" decoding=\"async\" src=\"http:\/\/bvc-volei.org\/site\/wp-content\/uploads\/2020\/10\/092167CA-965E-4A11-B0E7-5912D0F265BD-200x300.jpeg\" alt=\"\" width=\"200\" height=\"300\" class=\"size-medium wp-image-3007\" srcset=\"http:\/\/bvc-volei.org\/site\/wp-content\/uploads\/2020\/10\/092167CA-965E-4A11-B0E7-5912D0F265BD-200x300.jpeg 200w, http:\/\/bvc-volei.org\/site\/wp-content\/uploads\/2020\/10\/092167CA-965E-4A11-B0E7-5912D0F265BD-683x1024.jpeg 683w, http:\/\/bvc-volei.org\/site\/wp-content\/uploads\/2020\/10\/092167CA-965E-4A11-B0E7-5912D0F265BD-768x1152.jpeg 768w, http:\/\/bvc-volei.org\/site\/wp-content\/uploads\/2020\/10\/092167CA-965E-4A11-B0E7-5912D0F265BD-1024x1536.jpeg 1024w, http:\/\/bvc-volei.org\/site\/wp-content\/uploads\/2020\/10\/092167CA-965E-4A11-B0E7-5912D0F265BD-85x128.jpeg 85w, http:\/\/bvc-volei.org\/site\/wp-content\/uploads\/2020\/10\/092167CA-965E-4A11-B0E7-5912D0F265BD-21x32.jpeg 21w, http:\/\/bvc-volei.org\/site\/wp-content\/uploads\/2020\/10\/092167CA-965E-4A11-B0E7-5912D0F265BD-65x98.jpeg 65w, http:\/\/bvc-volei.org\/site\/wp-content\/uploads\/2020\/10\/092167CA-965E-4A11-B0E7-5912D0F265BD-600x900.jpeg 600w, http:\/\/bvc-volei.org\/site\/wp-content\/uploads\/2020\/10\/092167CA-965E-4A11-B0E7-5912D0F265BD.jpeg 1280w\" sizes=\"(max-width: 200px) 100vw, 200px\" \/><figcaption id=\"caption-attachment-3007\" class=\"wp-caption-text\">Cr\u00e9dito: Giulia Sperandio<\/figcaption><\/figure><br \/>\nDona do Trof\u00e9u Viva V\u00f4lei da partida contra o Pinheiros, a central Lorena espera ver a equipe \u201cligada\u201d desde o in\u00edcio da partida, para n\u00e3o permitir que o advers\u00e1rio embale e domine o jogo. \u201cPrecisamos colocar em pr\u00e1tica todos os fundamentos que est\u00e3o sendo trabalhados. Tudo \u00e9 muito importante, principalmente a agressividade e a lucidez\u201d.<\/p>\n<p>O S\u00e3o Paulo F.C.\/Barueri chega \u00e0 11\u00aa e \u00faltima rodada do turno ocupando a quinta coloca\u00e7\u00e3o, com cinco vit\u00f3rias e igual n\u00famero de derrotas. J\u00e1 o Curitiba est\u00e1 em oitavo lugar, a \u00faltima vaga que d\u00e1 acesso aos play-offs, acumulando duas vit\u00f3rias e cinco derrotas. Apesar de os n\u00fameros n\u00e3o serem impressionantes, a equipe paranaense \u00e9 perigosa e ganhou sets de Osasco S\u00e3o Crist\u00f3v\u00e3o Sa\u00fade, Sesi V\u00f4lei Bauru, Itamb\u00e9 Minas e Sesc-RJ\/Flamengo.<\/p>\n<p>ELENCO<\/p>\n<p>#1 Dani Terra &#8211; L\u00edbero 1,68<br \/>\n#2 Diana &#8211; Meio 1,91<br \/>\n#4 Maira &#8211; Ponta 1,85<br \/>\n#5 Glayce Kelly \u2013 Ponta 1,85<br \/>\n#6 Nyeme &#8211; L\u00edbero 1,75<br \/>\n#7 Lorrayna \u2013 Oposta 1,86<br \/>\n#8 Jheovana &#8211; Ponteira\/Oposta 1,91<br \/>\n#9 Kisy &#8211; Oposta 1,89<br \/>\n#10 Lorena \u2013 Meio 1,90<br \/>\n#11 Karina \u2013 Ponta 1,79<br \/>\n#12 Larissa &#8211; Meio 1,88<br \/>\n#13 Jacke &#8211; Levantadora 1,74<br \/>\n#14 Kenya \u2013 Levantadora 1,85<br \/>\n#15 Duda \u2013 Levantadora 1,85<br \/>\n#16 Carol &#8211; Ponta 1,92<br \/>\n#18 Dani Seibt &#8211; Meio 1,88<\/p>\n<p>M\u00e9dia de altura: 1,85<\/p>\n<p>M\u00e9dia de idade: 21 anos<\/p>\n<p>Comiss\u00e3o T\u00e9cnica:<\/p>\n<p>T\u00e9cnico \u2013 Jos\u00e9 Roberto Lages Guimar\u00e3es<br \/>\nAssistente T\u00e9cnico \u2013 Wagner Luiz Coppini Fernandes<br \/>\nAuxiliar T\u00e9cnico \u2013 Alexandre Santos Gomes<br \/>\nPreparador F\u00edsico \u2013 Caique Bonafe Botelho Naipe e Eduardo Fernando Cianci Gomes<br \/>\nM\u00e9dico: Julio Cesar Carvalho Nardelli<br \/>\nRespons\u00e1vel Fisioterapeuta \u2013 Fernando Alves Fernandes<br \/>\nFisioterapeuta \u2013 Daniel Hideki Kan<br \/>\nEstat\u00edstico \u2013 Luciano Tavares Lima e Fabio Rafael Simpl\u00edcio<\/p>\n<p>SUPERLIGA BANCO DO BRASIL 2020\/21<\/p>\n<p>FASE CLASSIFICAT\u00d3RIA<\/p>\n<p>10\/11 \u2013 Fluminense 0 x 3 S\u00e3o Paulo F.C.\/Barueri (13-25, 19-25 e 23-25)<\/p>\n<p>13\/11 \u2013 S\u00e3o Jos\u00e9 dos Pinhais 1 x 3 S\u00e3o Paulo F.C.\/Barueri (14-25, 25-27, 21-25 e 16-25)<\/p>\n<p>17\/11 \u2013 S\u00e3o Paulo F.C.\/Barueri 0 x3 Osasco S\u00e3o Crist\u00f3v\u00e3o Sa\u00fade (22-25, 20-25 e 21-25)<\/p>\n<p>20\/11 \u2013S\u00e3o Paulo F.C.\/Barueri 2 x 3 Sesi V\u00f4lei Bauru (23-25, 20-25, 25-19, 20-25 e 11-15)<\/p>\n<p>23\/11 \u2013S\u00e3o Paulo F.C.\/Barueri 0 x 3 Itamb\u00e9\/Minas (15-20, 20-25 e 23-25)<\/p>\n<p>01\/12 \u2013 S\u00e3o Paulo F.C.\/Barueri x Dentil Praia Clube (26-24, 21-25, 25-21 e 25-22)<\/p>\n<p>04\/12 &#8211; Bras\u00edlia V\u00f4lei 1 x 3 S\u00e3o Paulo F.C.\/Barueri (23-25, 25-21, 25-13 e 25-18)<\/p>\n<p>08\/12 &#8211; SESC RJ\/Flamengo x S\u00e3o Paulo F.C.\/Barueri (25-14, 26-24 e 25-17)<\/p>\n<p>12\/12 \u2013 S\u00e3o Paulo F.C.\/Barueri 3 x 0 S\u00e3o Caetano (25-11, 25-14 e 25-12)<\/p>\n<p>18\/12 \u2013 20h \u2013 Esporte Clube Pinheiros 2 x 3 S\u00e3o Paulo F.C.\/Barueri (25-21, 25-20, 17-25, 22-25 e 8-15)<\/p>\n<p>23\/12 \u2013 17h \u2013 S\u00e3o Paulo F.C.\/Barueri x Curitiba V\u00f4lei (Canal V\u00f4lei Brasil \u2013 TV NSports)<\/p>\n<p>12\/01 \u2013 19h \u2013 S\u00e3o Paulo F.C.\/Barueri x S\u00e3o Jos\u00e9 dos Pinhais (Canal V\u00f4lei Brasil \u2013 TV NSports)<\/p>\n","protected":false},"excerpt":{"rendered":"<p>Ainda que n\u00e3o ocupe boa posi\u00e7\u00e3o na tabela, equipe paranaense ganhou sets de advers\u00e1rios poderosos Confiante ap\u00f3s vit\u00f3ria de virada sobre o Pinheiros por 3 a 2, na \u00faltima rodada, o S\u00e3o Paulo F.C.\/Barueri volta \u00e0 quadra nesta quarta-feira para enfrentar o Curitiba V\u00f4lei, em casa, no gin\u00e1sio Jos\u00e9 Corr\u00eaa. A partida come\u00e7a \u00e0s 17h&#8230;<\/p>\n","protected":false},"author":1,"featured_media":3187,"comment_status":"open","ping_status":"open","sticky":false,"template":"","format":"standard","meta":{"footnotes":""},"categories":[1],"tags":[],"class_list":["post-3186","post","type-post","status-publish","format-standard","has-post-thumbnail","hentry","category-noticias"],"_links":{"self":[{"href":"http:\/\/bvc-volei.org\/site\/wp-json\/wp\/v2\/posts\/3186","targetHints":{"allow":["GET"]}}],"collection":[{"href":"http:\/\/bvc-volei.org\/site\/wp-json\/wp\/v2\/posts"}],"about":[{"href":"http:\/\/bvc-volei.org\/site\/wp-json\/wp\/v2\/types\/post"}],"author":[{"embeddable":true,"href":"http:\/\/bvc-volei.org\/site\/wp-json\/wp\/v2\/users\/1"}],"replies":[{"embeddable":true,"href":"http:\/\/bvc-volei.org\/site\/wp-json\/wp\/v2\/comments?post=3186"}],"version-history":[{"count":3,"href":"http:\/\/bvc-volei.org\/site\/wp-json\/wp\/v2\/posts\/3186\/revisions"}],"predecessor-version":[{"id":3191,"href":"http:\/\/bvc-volei.org\/site\/wp-json\/wp\/v2\/posts\/3186\/revisions\/3191"}],"wp:featuredmedia":[{"embeddable":true,"href":"http:\/\/bvc-volei.org\/site\/wp-json\/wp\/v2\/media\/3187"}],"wp:attachment":[{"href":"http:\/\/bvc-volei.org\/site\/wp-json\/wp\/v2\/media?parent=3186"}],"wp:term":[{"taxonomy":"category","embeddable":true,"href":"http:\/\/bvc-volei.org\/site\/wp-json\/wp\/v2\/categories?post=3186"},{"taxonomy":"post_tag","embeddable":true,"href":"http:\/\/bvc-volei.org\/site\/wp-json\/wp\/v2\/tags?post=3186"}],"curies":[{"name":"wp","href":"https:\/\/api.w.org\/{rel}","templated":true}]}}